{"Neujahrstag":{"datum":"2016-01-01","hinweis":""},"Heilige Drei K\u00f6nige":{"datum":"2016-01-06","hinweis":""},"Gr\u00fcndonnerstag":{"datum":null,"hinweis":"Gem\u00e4\u00df \u00a7 4 Abs. 3 des Feiertagsgesetzes von Baden-W\u00fcrttemberg[10] haben Sch\u00fcler am Gr\u00fcndonnerstag und am Reformationstag schulfrei. In der Regel legt das Kultusministerium die Ferientermine so fest, dass diese beiden Tage in die Osterferien bzw. in die Herbstferien fallen."},"Karfreitag":{"datum":"2016-03-25","hinweis":""},"Ostermontag":{"datum":"2016-03-28","hinweis":""},"Tag der Arbeit":{"datum":"2016-05-01","hinweis":""},"Christi Himmelfahrt":{"datum":"2016-05-05","hinweis":""},"Pfingstmontag":{"datum":"2016-05-16","hinweis":""},"Fronleichnam":{"datum":"2016-05-26","hinweis":""},"Tag der Deutschen Einheit":{"datum":"2016-10-03","hinweis":""},"Reformationstag":{"datum":"2016-10-31","hinweis":"Gem\u00e4\u00df \u00a7 4 Abs. 3 des Feiertagsgesetzes von Baden-W\u00fcrttemberg[10] haben Sch\u00fcler am Gr\u00fcndonnerstag und am Reformationstag schulfrei. In der Regel legt das Kultusministerium die Ferientermine so fest, dass diese beiden Tage in die Osterferien bzw. in die Herbstferien fallen."},"Allerheiligen":{"datum":"2016-11-01","hinweis":""},"1. Weihnachtstag":{"datum":"2016-12-25","hinweis":""},"2. Weihnachtstag":{"datum":"2016-12-26","hinweis":""}}